{"id":286,"__str__":"Autoria: Ana L\u00facia - Mo\u00e7\u00e3o n\u00ba 6 de 2018","link_detail_backend":"/materia/autoria/286","metadata":{},"primeiro_autor":true,"autor":5,"materia":284}