{"id":4856,"__str__":"Autoria: Amaral da Associa\u00e7\u00e3o - Indica\u00e7\u00e3o n\u00ba 8 de 2026","link_detail_backend":"/materia/autoria/4856","metadata":{},"primeiro_autor":true,"autor":114,"materia":3892}