{"id":1838,"__str__":"Outros - EDITAL DE CONVOCA\u00c7\u00c3O DI\u00c1RIO OFICIAL de 07/11/2025 por RICARDO OLIVEIRA DE FREITAS","link_detail_backend":"/materia/documentoacessorio/1838","metadata":{},"nome":"EDITAL DE CONVOCA\u00c7\u00c3O DI\u00c1RIO OFICIAL","data":"2025-11-07","autor":"RICARDO OLIVEIRA DE FREITAS","ementa":"","indexacao":"","arquivo":"http://sapl.iturama.mg.leg.br/media/sapl/public/documentoacessorio/2025/1838/diario_oficial_edicao_461_003500.pdf","data_ultima_atualizacao":"2025-11-17T13:49:19.729439-03:00","materia":3759,"tipo":5}