{"id":107,"__str__":"Indica\u00e7\u00e3o n\u00ba 35 de 2018","link_detail_backend":"/materia/107","metadata":{},"numero":35,"ano":2018,"numero_protocolo":null,"data_apresentacao":"2018-01-17","tipo_apresentacao":"E","data_publicacao":null,"numero_origem_externa":"","ano_origem_externa":null,"data_origem_externa":null,"apelido":"","dias_prazo":null,"data_fim_prazo":null,"em_tramitacao":false,"polemica":false,"objeto":"","complementar":false,"ementa":"QUE SEJA FEITA UM REPARO DE CAR\u00c1TER DE URG\u00caNCIA NA ILUMINA\u00c7\u00c3O\r\nPUBLICA NA PRA\u00c7A DO BAIRRO VILLAGIO.","indexacao":"QUE SEJA FEITA UM REPARO DE CAR\u00c1TER DE URG\u00caNCIA NA ILUMINA\u00c7\u00c3O\r\nPUBLICA NA PRA\u00c7A DO BAIRRO VILLAGIO.","observacao":"Tendo em vista que um grande numero de pessoas, e moradores que\r\npediu essa solicita\u00e7\u00e3o, na quest\u00e3o da seguran\u00e7a e pela falta de ilumina\u00e7\u00e3o que se\r\nencontra na pra\u00e7a referida citada, tornando ai com pessoas bastante suspeita\r\nvindo a frequentar o local por falta de ilumina\u00e7\u00e3o e por ser afastado\r\nvisivelmente do centro da cidade.","resultado":"","texto_original":"http://sapl.iturama.mg.leg.br/media/sapl/public/materialegislativa/2018/107/107_texto_integral.pdf","data_ultima_atualizacao":"2018-09-28T10:13:47.078074-03:00","ip":"","ultima_edicao":null,"tipo":8,"regime_tramitacao":1,"tipo_origem_externa":null,"local_origem_externa":null,"user":null,"anexadas":[],"autores":[3]}