{"id":130,"__str__":"Indica\u00e7\u00e3o n\u00ba 60 de 2018","link_detail_backend":"/materia/130","metadata":{},"numero":60,"ano":2018,"numero_protocolo":null,"data_apresentacao":"2018-02-15","tipo_apresentacao":"E","data_publicacao":null,"numero_origem_externa":"","ano_origem_externa":null,"data_origem_externa":null,"apelido":"","dias_prazo":null,"data_fim_prazo":null,"em_tramitacao":false,"polemica":false,"objeto":"","complementar":false,"ementa":"QUE SEJA FEITO UMA REVIS\u00c3O NAS TAXAS COBRADAS DOS VENDEDORES AMBULANTES E DOS\r\nPEQUENOS PRODUTORES DE NOSSO MUNIC\u00cdPIO.","indexacao":"QUE SEJA FEITO UMA REVIS\u00c3O NAS TAXAS COBRADAS DOS VENDEDORES AMBULANTES E DOS\r\nPEQUENOS PRODUTORES DE NOSSO MUNIC\u00cdPIO.","observacao":"A taxa \u00e9 \u00fanica, para todos os vendedores ambulantes e\r\nprodutores e aqueles que vem de outras cidades, pois n\u00e3o \u00e9 justo, para os nossos\r\nprodutores e vendedores ambulantes locais da nossa cidade, necessitam de certa\r\nprote\u00e7\u00e3o e apoio da administra\u00e7\u00e3o p\u00fablica, para viabilizar o seu sustento e de\r\nsuas fam\u00edlias.\r\nPor este motivo estou propondo a revis\u00e3o dessa taxa para atender\r\nos nossos produtores e ambulantes, para dar um incentivo maior a eles.","resultado":"","texto_original":"http://sapl.iturama.mg.leg.br/media/sapl/public/materialegislativa/2018/130/130_texto_integral.pdf","data_ultima_atualizacao":"2018-09-28T10:13:47.083190-03:00","ip":"","ultima_edicao":null,"tipo":8,"regime_tramitacao":1,"tipo_origem_externa":null,"local_origem_externa":null,"user":null,"anexadas":[],"autores":[1]}