{"id":1532,"__str__":"Indica\u00e7\u00e3o n\u00ba 275 de 2021","link_detail_backend":"/materia/1532","metadata":{},"numero":275,"ano":2021,"numero_protocolo":null,"data_apresentacao":"2021-04-28","tipo_apresentacao":"","data_publicacao":null,"numero_origem_externa":"","ano_origem_externa":null,"data_origem_externa":null,"apelido":"","dias_prazo":null,"data_fim_prazo":null,"em_tramitacao":false,"polemica":false,"objeto":"","complementar":false,"ementa":"0 Vereador que esta subscreve, ouvido o Plen\u00e1rio, apresenta a Vossa Excel\u00eancia a presente indica\u00e7\u00e3o, no sentido de solicitar ao Prefeito que seja constru\u00eddo um local para guardar os ve\u00edculos da Prefeitura Municipal e tamb\u00e9m um local para almoxarifado.","indexacao":"0 Vereador que esta subscreve, ouvido o Plen\u00e1rio, apresenta a Vossa Excel\u00eancia a presente indica\u00e7\u00e3o, no sentido de solicitar ao Prefeito que seja constru\u00eddo um local para guardar os ve\u00edculos da Prefeitura Municipal e tamb\u00e9m um local para almoxarifado.","observacao":"","resultado":"","texto_original":"http://sapl.iturama.mg.leg.br/media/sapl/public/materialegislativa/2021/1532/ind_275_000666.pdf","data_ultima_atualizacao":"2021-06-28T13:51:02.137818-03:00","ip":"168.194.153.3","ultima_edicao":"2021-06-28T13:48:56.755918-03:00","tipo":8,"regime_tramitacao":1,"tipo_origem_externa":null,"local_origem_externa":null,"user":15,"anexadas":[],"autores":[89]}