{"id":1693,"__str__":"Requerimento n\u00ba 18 de 2021","link_detail_backend":"/materia/1693","metadata":{},"numero":18,"ano":2021,"numero_protocolo":null,"data_apresentacao":"2021-08-13","tipo_apresentacao":"","data_publicacao":null,"numero_origem_externa":"","ano_origem_externa":null,"data_origem_externa":null,"apelido":"","dias_prazo":null,"data_fim_prazo":null,"em_tramitacao":false,"polemica":false,"objeto":"","complementar":false,"ementa":"A Vereadora que esta subscreve, no uso de suas atribui\u00e7\u00f5es legais que lhe confere a Lei Org\u00e2nica Municipal e o Regime Interno\r\nda Camara Municipal, solicita que seja registrado a nota de pesar, conforme abaixo, pelo falecimento do Senhor JO\u00c3O SIMI\u00c3O ROSA FILHO, sendo esta iniciativa comunicada a. familial enlutada.","indexacao":"A Vereadora que esta subscreve, no uso de suas atribui\u00e7\u00f5es legais que lhe confere a Lei Org\u00e2nica Municipal e o Regime Interno\r\nda Camara Municipal, solicita que seja registrado a nota de pesar, conforme abaixo, pelo falecimento do Senhor JO\u00c3O SIMI\u00c3O ROSA FILHO, sendo esta iniciativa comunicada a. familial enlutada.","observacao":"","resultado":"","texto_original":"http://sapl.iturama.mg.leg.br/media/sapl/public/materialegislativa/2021/1693/req_18_000335.pdf","data_ultima_atualizacao":"2021-10-08T12:47:13.358490-03:00","ip":"168.194.153.3","ultima_edicao":"2021-10-08T12:47:13.141807-03:00","tipo":3,"regime_tramitacao":1,"tipo_origem_externa":null,"local_origem_externa":null,"user":15,"anexadas":[],"autores":[96]}