{"id":197,"__str__":"Indica\u00e7\u00e3o n\u00ba 131 de 2018","link_detail_backend":"/materia/197","metadata":{},"numero":131,"ano":2018,"numero_protocolo":null,"data_apresentacao":"2018-04-16","tipo_apresentacao":"E","data_publicacao":null,"numero_origem_externa":"","ano_origem_externa":null,"data_origem_externa":null,"apelido":"","dias_prazo":null,"data_fim_prazo":null,"em_tramitacao":false,"polemica":false,"objeto":"","complementar":false,"ementa":"REITERAR A INDICA\u00c7\u00c3O NO\r\nCM 221/2017 QUE SOLICITA AO SR. PREFEITO MUNICIPAL, UM REDUTOR DE VELOCIDADE\r\nOU PLACAS EDUCATIVAS, VERTICAIS E HORIZONTAIS, NA ENTRADA DE ITURAMA PR\u00d3XIMO AO\r\nTREVO","indexacao":"REITERAR A INDICA\u00c7\u00c3O NO\r\nCM 221/2017 QUE SOLICITA AO SR. PREFEITO MUNICIPAL, UM REDUTOR DE VELOCIDADE\r\nOU PLACAS EDUCATIVAS, VERTICAIS E HORIZONTAIS, NA ENTRADA DE ITURAMA PR\u00d3XIMO AO\r\nTREVO","observacao":"A instala\u00e7\u00e3o do mesmo \u00e9 necess\u00e1ria, em face do grande\r\ntr\u00e1fego de ve\u00edculos na via citada e, com as sinaliza\u00e7\u00f5es, haver\u00e1 maior seguran\u00e7a\r\ntanto para os moradores, pedestres e comerciantes, assim como para quem ali\r\npassa diariamente.","resultado":"","texto_original":"http://sapl.iturama.mg.leg.br/media/sapl/public/materialegislativa/2018/197/197_texto_integral.pdf","data_ultima_atualizacao":"2018-09-28T10:13:46.969430-03:00","ip":"","ultima_edicao":null,"tipo":8,"regime_tramitacao":1,"tipo_origem_externa":null,"local_origem_externa":null,"user":null,"anexadas":[],"autores":[3]}