{"id":2234,"__str__":"Indica\u00e7\u00e3o n\u00ba 236 de 2022","link_detail_backend":"/materia/2234","metadata":{},"numero":236,"ano":2022,"numero_protocolo":null,"data_apresentacao":"2022-10-03","tipo_apresentacao":"E","data_publicacao":null,"numero_origem_externa":"","ano_origem_externa":null,"data_origem_externa":null,"apelido":"","dias_prazo":null,"data_fim_prazo":null,"em_tramitacao":false,"polemica":false,"objeto":"","complementar":false,"ementa":"A vereadora que esta subscreve, ouvido o Plen\u00e1rio, apresenta a Vossa Excel\u00eancia a presente indica\u00e7\u00e3o, solicitando ao Sr. Prefeito Municipal, que fa\u00e7a a reformula\u00e7\u00e3o do trevo da exposi\u00e7\u00e3o Edilson Lamartine Mendes que liga a marginal Av. Assilvio G\u00e9lio.","indexacao":"reformula\u00e7\u00e3o do trevo da exposi\u00e7\u00e3o Edilson Lamartine Mendes que liga a marginal Av. Assilvio G\u00e9lio","observacao":"","resultado":"","texto_original":"http://sapl.iturama.mg.leg.br/media/sapl/public/materialegislativa/2022/2234/ind_236_2022.pdf","data_ultima_atualizacao":"2022-10-11T16:11:52.216969-03:00","ip":"45.184.82.18","ultima_edicao":"2022-10-11T16:09:03.497669-03:00","tipo":8,"regime_tramitacao":1,"tipo_origem_externa":null,"local_origem_externa":null,"user":28,"anexadas":[],"autores":[96]}