{"id":2416,"__str__":"Indica\u00e7\u00e3o n\u00ba 45 de 2023","link_detail_backend":"/materia/2416","metadata":{},"numero":45,"ano":2023,"numero_protocolo":null,"data_apresentacao":"2023-03-06","tipo_apresentacao":"E","data_publicacao":null,"numero_origem_externa":"","ano_origem_externa":null,"data_origem_externa":null,"apelido":"","dias_prazo":null,"data_fim_prazo":null,"em_tramitacao":false,"polemica":false,"objeto":"","complementar":false,"ementa":"A vereadora que esta subscreve, ouvido o Plen\u00e1rio, apresenta a Vossa Excel\u00eancia a presente indica\u00e7\u00e3o, REITERANDO a indica\u00e7\u00e3o de n\u00ba 236/2022, solicitando ao Sr. Prefeito Municipal, que fa\u00e7a a reformula\u00e7\u00e3o do trevo da Exposi\u00e7\u00e3o Edilson Lamartine Mendes que liga a Marginal Av. Assilvio G\u00e9lio.","indexacao":"reformula\u00e7\u00e3o do trevo da Exposi\u00e7\u00e3o Edilson Lamartine Mendes","observacao":"","resultado":"","texto_original":"http://sapl.iturama.mg.leg.br/media/sapl/public/materialegislativa/2023/2416/ind_45_2023.pdf","data_ultima_atualizacao":"2023-03-06T15:03:27.786777-03:00","ip":"177.106.217.150","ultima_edicao":"2023-03-06T15:01:50.005529-03:00","tipo":8,"regime_tramitacao":1,"tipo_origem_externa":null,"local_origem_externa":null,"user":28,"anexadas":[2234],"autores":[96]}