{"id":247,"__str__":"Indica\u00e7\u00e3o n\u00ba 184 de 2018","link_detail_backend":"/materia/247","metadata":{},"numero":184,"ano":2018,"numero_protocolo":null,"data_apresentacao":"2018-06-18","tipo_apresentacao":"E","data_publicacao":null,"numero_origem_externa":"","ano_origem_externa":null,"data_origem_externa":null,"apelido":"","dias_prazo":null,"data_fim_prazo":null,"em_tramitacao":false,"polemica":false,"objeto":"","complementar":false,"ementa":"REITERAR A INDICA\u00c7\u00c3O NO\r\nCM 20/2017 QUE SOLICITA AO SR. PREFEITO MUNICIPAL, A CONSTRU\u00c7\u00c3O DE UMA PONTE\r\nDE CONCRETO NA AVENIDA MONTE ALEGRE SENTIDO FACULDADE FAMA.","indexacao":"REITERAR A INDICA\u00c7\u00c3O NO\r\nCM 20/2017 QUE SOLICITA AO SR. PREFEITO MUNICIPAL, A CONSTRU\u00c7\u00c3O DE UMA PONTE\r\nDE CONCRETO NA AVENIDA MONTE ALEGRE SENTIDO FACULDADE FAMA.","observacao":"Haja vista que o crescimento de nossa cidade \u00e9 constate e\r\ncom a raz\u00e3o desta indica\u00e7\u00e3o, solicitamos ao Prefeito Municipal a instala\u00e7\u00e3o do\r\nmesmo, no intuito de trazer mais seguran\u00e7a aos usu\u00e1rios.","resultado":"","texto_original":null,"data_ultima_atualizacao":"2018-09-28T10:13:28.944336-03:00","ip":"","ultima_edicao":null,"tipo":8,"regime_tramitacao":1,"tipo_origem_externa":null,"local_origem_externa":null,"user":null,"anexadas":[],"autores":[3]}