{"id":2590,"__str__":"Indica\u00e7\u00e3o n\u00ba 122 de 2023","link_detail_backend":"/materia/2590","metadata":{},"numero":122,"ano":2023,"numero_protocolo":null,"data_apresentacao":"2023-06-19","tipo_apresentacao":"E","data_publicacao":null,"numero_origem_externa":"","ano_origem_externa":null,"data_origem_externa":null,"apelido":"","dias_prazo":null,"data_fim_prazo":null,"em_tramitacao":false,"polemica":false,"objeto":"","complementar":false,"ementa":"O Vereador que esta subscreve, ouvido o Plen\u00e1rio, apresenta a Vossa Excel\u00eancia a presente indica\u00e7\u00e3o, solicitando ao Sr. Prefeito Municipal, que seja instalado radares em alguns pontos das Avenidas de grande movimenta\u00e7\u00e3o de nossa cidade, tais como, Av. Alexandrita; Av. Campina Verde; Av. Prefeito Juca P\u00e1dua; Av. Jos\u00e9 de Freitas Nunes.","indexacao":"instalado radares em alguns pontos das Avenidas de grande movimenta\u00e7\u00e3o de nossa cidade radar velocidade","observacao":"","resultado":"","texto_original":"http://sapl.iturama.mg.leg.br/media/sapl/public/materialegislativa/2023/2590/ind_122_2023.pdf","data_ultima_atualizacao":"2023-06-22T13:51:20.680331-03:00","ip":"177.191.225.239","ultima_edicao":"2023-06-22T13:49:34.199441-03:00","tipo":8,"regime_tramitacao":1,"tipo_origem_externa":null,"local_origem_externa":null,"user":28,"anexadas":[],"autores":[90]}