{"id":266,"__str__":"Indica\u00e7\u00e3o n\u00ba 207 de 2018","link_detail_backend":"/materia/266","metadata":{},"numero":207,"ano":2018,"numero_protocolo":null,"data_apresentacao":"2018-08-06","tipo_apresentacao":"E","data_publicacao":null,"numero_origem_externa":"","ano_origem_externa":null,"data_origem_externa":null,"apelido":"","dias_prazo":null,"data_fim_prazo":null,"em_tramitacao":false,"polemica":false,"objeto":"","complementar":false,"ementa":"A REALIZA\u00c7\u00c3O DA LIMPEZA, E 01 (UMA) TAMPA PARA BUEIRO NA RUA: PAPA PAULO VL\r\nCOM A AV: RIO GRANDE NO BAIRRO JARDIM AM\u00c9RICA.","indexacao":"A REALIZA\u00c7\u00c3O DA LIMPEZA, E 01 (UMA) TAMPA PARA BUEIRO NA RUA: PAPA PAULO VI\r\nCOM A AV: RIO GRANDE NO BAIRRO JARDIM AM\u00c9RICA.","observacao":"O bueiro se encontra aberto e com muito lixo, com a chegada\r\nda chuva, ficara entupido, resultando em mal cheiro e at\u00e9 transmiss\u00f5es de\r\ndoen\u00e7as.","resultado":"","texto_original":"http://sapl.iturama.mg.leg.br/media/sapl/public/materialegislativa/2018/266/266_texto_integral.pdf","data_ultima_atualizacao":"2024-10-22T13:28:37.691039-03:00","ip":"168.194.153.70","ultima_edicao":"2024-10-22T13:28:37.542872-03:00","tipo":8,"regime_tramitacao":1,"tipo_origem_externa":null,"local_origem_externa":null,"user":28,"anexadas":[],"autores":[8]}