{"id":2675,"__str__":"Indica\u00e7\u00e3o n\u00ba 146 de 2023","link_detail_backend":"/materia/2675","metadata":{},"numero":146,"ano":2023,"numero_protocolo":null,"data_apresentacao":"2023-08-07","tipo_apresentacao":"E","data_publicacao":null,"numero_origem_externa":"","ano_origem_externa":null,"data_origem_externa":null,"apelido":"","dias_prazo":null,"data_fim_prazo":null,"em_tramitacao":false,"polemica":false,"objeto":"","complementar":false,"ementa":"O Vereador que esta subscreve, ouvido o Plen\u00e1rio, apresenta a Vossa Excel\u00eancia a presente indica\u00e7\u00e3o, solicitando ao Sr. Prefeito Municipal, a realiza\u00e7\u00e3o de trabalho junto \u00e0 comunidade escolar, no \u00e2mbito do Programa Sa\u00fade da Fam\u00edlia \u2013 PSF \u2013, para promover palestras e encontros com psic\u00f3logos, focando a aten\u00e7\u00e3o no tema \u201cViol\u00eancia dom\u00e9stica e familiar\u201d.","indexacao":"realiza\u00e7\u00e3o de trabalho junto \u00e0 comunidade escolar, no \u00e2mbito do Programa Sa\u00fade da Fam\u00edlia \u2013 PSF \u2013, para promover palestras e encontros com psic\u00f3logos, focando a aten\u00e7\u00e3o no tema \u201cViol\u00eancia dom\u00e9stica e familiar","observacao":"","resultado":"","texto_original":"http://sapl.iturama.mg.leg.br/media/sapl/public/materialegislativa/2023/2675/ind_146_2023.pdf","data_ultima_atualizacao":"2023-08-09T14:43:56.741286-03:00","ip":"168.194.153.70","ultima_edicao":"2023-08-09T14:42:17.311571-03:00","tipo":8,"regime_tramitacao":1,"tipo_origem_externa":null,"local_origem_externa":null,"user":28,"anexadas":[],"autores":[90]}