{"id":2720,"__str__":"Mo\u00e7\u00e3o n\u00ba 41 de 2023","link_detail_backend":"/materia/2720","metadata":{},"numero":41,"ano":2023,"numero_protocolo":null,"data_apresentacao":"2023-09-04","tipo_apresentacao":"E","data_publicacao":null,"numero_origem_externa":"","ano_origem_externa":null,"data_origem_externa":null,"apelido":"","dias_prazo":null,"data_fim_prazo":null,"em_tramitacao":false,"polemica":false,"objeto":"","complementar":false,"ementa":"O Vereador que esta subscreve, ouvido o Plen\u00e1rio, requer a Vossa Excel\u00eancia que seja dirigida Mo\u00e7\u00e3o de Aplauso e Reconhecimento ao Senador do Estado de Minas Gerais, Cleiton Gontijo de Azevedo, mais conhecido como, \"Cleitinho\", pelo brilhante trabalho realizado  no Congresso Nacional, como legislador e fiscalizador dos atos do poder Executivo.","indexacao":"O Vereador que esta subscreve, ouvido o Plen\u00e1rio, requer a Vossa Excel\u00eancia que seja dirigida Mo\u00e7\u00e3o de Aplauso e Reconhecimento ao Senador do Estado de Minas Gerais, Cleiton Gontijo de Azevedo, mais conhecido como, \"Cleitinho\", pelo brilhante trabalho realizado  no Congresso Nacional, como legislador e fiscalizador dos atos do poder Executivo.","observacao":"","resultado":"","texto_original":"http://sapl.iturama.mg.leg.br/media/sapl/public/materialegislativa/2023/2720/moc__41_2023.pdf","data_ultima_atualizacao":"2023-09-11T13:37:07.936954-03:00","ip":"168.194.153.70","ultima_edicao":"2023-09-11T13:34:42.234742-03:00","tipo":7,"regime_tramitacao":1,"tipo_origem_externa":null,"local_origem_externa":null,"user":28,"anexadas":[],"autores":[104]}