{"id":301,"__str__":"Mo\u00e7\u00e3o n\u00ba 28 de 2018","link_detail_backend":"/materia/301","metadata":{},"numero":28,"ano":2018,"numero_protocolo":null,"data_apresentacao":"2018-06-18","tipo_apresentacao":"E","data_publicacao":null,"numero_origem_externa":"","ano_origem_externa":null,"data_origem_externa":null,"apelido":"","dias_prazo":null,"data_fim_prazo":null,"em_tramitacao":false,"polemica":false,"objeto":"","complementar":false,"ementa":"QUE SEJA DIRIGIDA MO\u00c7\u00c3O DE APLAUSO E RECONHECIMENTO \u00c0 SENHORA\r\nF\u00c1TIMA ALVES MAFRA, E AO EXCELENT\u00cdSSIMO JUIZ FEDERAL O SENHOR DR. ALEXANDRE\r\nCHIBANTE MARTINS, SENHOR ADIR DE SOUZA LIMA, SENHOR LAIRSON FRAGA\r\nDA SILVA, E O SENHOR RICARDO C\u00c9SAR DE OLIVEIRA, E A TODOS QUE ESTIVERAM\r\nEVOLVIDOS NA IMPLANTA\u00c7\u00c3O DO PROJETO JOVEM APRENDIZ NO NOSSO MUNIC\u00cdPIO, ONDE AP\u00d3S V\u00c1RIAS\r\nREUNI\u00d5ES E \u00c1RDUO TRABALHO DE PESQUISA NO DIA 04/01/2016 INICIOU-SE A PRIMEIRA TURMA DE\r\nJOVENS APRENDIZ EM NOSSA CIDADE.","indexacao":"QUE SEJA DIRIGIDA MO\u00c7\u00c3O DE APLAUSO E RECONHECIMENTO \u00c0 SENHORA\r\nF\u00c1TIMA ALVES MAFRA, E AO EXCELENT\u00cdSSIMO JUIZ FEDERAL O SENHOR DR. ALEXANDRE\r\nCHIBANTE MARTINS, SENHOR ADIR DE SOUZA LIMA, SENHOR LAIRSON FRAGA\r\nDA SILVA, E O SENHOR RICARDO C\u00c9SAR DE OLIVEIRA, E A TODOS QUE ESTIVERAM\r\nEVOLVIDOS NA IMPLANTA\u00c7\u00c3O DO PROJETO JOVEM APRENDIZ NO NOSSO MUNIC\u00cdPIO, ONDE AP\u00d3S V\u00c1RIAS\r\nREUNI\u00d5ES E \u00c1RDUO TRABALHO DE PESQUISA NO DIA 04/01/2016 INICIOU-SE A PRIMEIRA TURMA DE\r\nJOVENS APRENDIZ EM NOSSA CIDADE.","observacao":"O programa \u00e9 \u00f3timo para jovens em busca de primeiro emprego,\r\nprincipalmente os que buscam um curso de qualifica\u00e7\u00e3o profissional para iniciar no mercado\r\ntendo n\u00e3o apenas experi\u00eancia pr\u00e1tica, mas tamb\u00e9m te\u00f3rica.\r\nO projeto jovem aprendiz \u00e9 de suma import\u00e2ncia para nossos jovens, pois al\u00e9m de inserir os\r\njovens no mercado de trabalho, garantem que iniciam sua vida profissional de forma digna,\r\natendendo os seus direitos constitucionais.","resultado":"","texto_original":"http://sapl.iturama.mg.leg.br/media/sapl/public/materialegislativa/2018/301/301_texto_integral.pdf","data_ultima_atualizacao":"2018-09-28T10:13:47.080581-03:00","ip":"","ultima_edicao":null,"tipo":7,"regime_tramitacao":1,"tipo_origem_externa":null,"local_origem_externa":null,"user":null,"anexadas":[],"autores":[9]}