{"id":3041,"__str__":"Mo\u00e7\u00e3o n\u00ba 12 de 2024","link_detail_backend":"/materia/3041","metadata":{},"numero":12,"ano":2024,"numero_protocolo":null,"data_apresentacao":"2024-04-15","tipo_apresentacao":"E","data_publicacao":null,"numero_origem_externa":"","ano_origem_externa":null,"data_origem_externa":null,"apelido":"","dias_prazo":null,"data_fim_prazo":null,"em_tramitacao":false,"polemica":false,"objeto":"","complementar":false,"ementa":"O Vereador que esta subscreve, ouvido o Plen\u00e1rio, requer a Vossa Excel\u00eancia que seja dirigida Mo\u00e7\u00e3o de aplauso e Reconhecimento, a Associa\u00e7\u00e3o Al\u00e9m do Olhar (A.F.A.P.A.I), pela comemora\u00e7\u00e3o do dia mundial de conscientiza\u00e7\u00e3o do autismo.","indexacao":"O Vereador que esta subscreve, ouvido o Plen\u00e1rio, requer a Vossa Excel\u00eancia que seja dirigida Mo\u00e7\u00e3o de aplauso e Reconhecimento, a Associa\u00e7\u00e3o Al\u00e9m do Olhar (A.F.A.P.A.I), pela comemora\u00e7\u00e3o do dia mundial de conscientiza\u00e7\u00e3o do autismo.","observacao":"","resultado":"","texto_original":"http://sapl.iturama.mg.leg.br/media/sapl/public/materialegislativa/2024/3041/moc_12_2024.pdf","data_ultima_atualizacao":"2024-04-17T15:04:03.641037-03:00","ip":"168.194.153.70","ultima_edicao":"2024-04-17T15:03:02.505718-03:00","tipo":7,"regime_tramitacao":1,"tipo_origem_externa":null,"local_origem_externa":null,"user":28,"anexadas":[],"autores":[90]}