{"id":3332,"__str__":"Requerimento n\u00ba 25 de 2024","link_detail_backend":"/materia/3332","metadata":{},"numero":25,"ano":2024,"numero_protocolo":null,"data_apresentacao":"2024-11-04","tipo_apresentacao":"E","data_publicacao":null,"numero_origem_externa":"","ano_origem_externa":null,"data_origem_externa":null,"apelido":"","dias_prazo":null,"data_fim_prazo":null,"em_tramitacao":false,"polemica":false,"objeto":"","complementar":false,"ementa":"O Vereador que esta subscreve, ouvido o plen\u00e1rio, requer a Vossa Excel\u00eancia, respeitosamente, que seja concedido um minuto de sil\u00eancio pelo falecimento de Edilaine Cunha Gon\u00e7alves, falecida no dia 26/10/2024 e do Sr. Antonio Sil\u00eancio Borges, falecido no dia 26/10/2024.","indexacao":"O Vereador que esta subscreve, ouvido o plen\u00e1rio, requer a Vossa Excel\u00eancia, respeitosamente, que seja concedido um minuto de sil\u00eancio pelo falecimento de Edilaine Cunha Gon\u00e7alves, falecida no dia 26/10/2024 e do Sr. Antonio Sil\u00eancio Borges, falecido no dia 26/10/2024.","observacao":"","resultado":"","texto_original":"http://sapl.iturama.mg.leg.br/media/sapl/public/materialegislativa/2024/3332/requerimento_25_2024_001658.pdf","data_ultima_atualizacao":"2024-11-08T15:46:15.469730-03:00","ip":"168.194.153.70","ultima_edicao":"2024-11-08T15:45:11.505489-03:00","tipo":3,"regime_tramitacao":1,"tipo_origem_externa":null,"local_origem_externa":null,"user":28,"anexadas":[],"autores":[102]}