{"id":3356,"__str__":"Projeto de Lei Ordin\u00e1ria n\u00ba 8 de 2025","link_detail_backend":"/materia/3356","metadata":{},"numero":8,"ano":2025,"numero_protocolo":null,"data_apresentacao":"2025-01-08","tipo_apresentacao":"E","data_publicacao":null,"numero_origem_externa":"","ano_origem_externa":null,"data_origem_externa":null,"apelido":"","dias_prazo":null,"data_fim_prazo":null,"em_tramitacao":false,"polemica":false,"objeto":"","complementar":false,"ementa":"\"Cria a Coordenadoria Municipal de Prote\u00e7\u00e3o e Defesa Civil (COMPDEC) do munic\u00edpio de Iturama, estado de Minas Gerais e d\u00e1 outras providencias\".","indexacao":"\"Cria a Coordenadoria Municipal de Prote\u00e7\u00e3o e Defesa Civil (COMPDEC) do munic\u00edpio de Iturama, estado de Minas Gerais e d\u00e1 outras providencias\".","observacao":"","resultado":"","texto_original":"http://sapl.iturama.mg.leg.br/media/sapl/public/materialegislativa/2025/3356/pl_08_2025_001801.pdf","data_ultima_atualizacao":"2025-01-15T13:37:19.230068-03:00","ip":"189.15.72.184","ultima_edicao":"2025-01-15T13:35:41.183925-03:00","tipo":1,"regime_tramitacao":1,"tipo_origem_externa":null,"local_origem_externa":null,"user":28,"anexadas":[],"autores":[106]}