{"id":3374,"__str__":"Indica\u00e7\u00e3o n\u00ba 26 de 2025","link_detail_backend":"/materia/3374","metadata":{},"numero":26,"ano":2025,"numero_protocolo":null,"data_apresentacao":"2025-01-20","tipo_apresentacao":"E","data_publicacao":null,"numero_origem_externa":"","ano_origem_externa":null,"data_origem_externa":null,"apelido":"","dias_prazo":null,"data_fim_prazo":null,"em_tramitacao":false,"polemica":false,"objeto":"","complementar":false,"ementa":"0 Vereador que a este subscreve, ouvido o Plen\u00e1rio, apresenta a Vossa Excel\u00eancia a presente indica\u00e7\u00e3o, solicitando ao Sr. Prefeito Municipal, que sejam\r\nrealizadas obras de reforma na pra\u00e7a localizada na Avenida Ayrton Senna do Brasil, \u00e0 altura do n\u00famero 780. A proposta inclui a coloca\u00e7\u00e3o de bancos, a execu\u00e7\u00e3o de paisagismo adequado, com plantio de \u00e1rvores e flores, e a instala\u00e7\u00e3o de uma academia ao ar livre.","indexacao":"que sejam realizadas obras de reforma na pra\u00e7a localizada na Avenida Ayrton Senna do Brasil, \u00e0 altura do n\u00famero 780. A proposta inclui a coloca\u00e7\u00e3o de bancos, a execu\u00e7\u00e3o de paisagismo adequado, com plantio de \u00e1rvores e flores, e a instala\u00e7\u00e3o de uma academia ao ar livre. pra\u00e7as","observacao":"","resultado":"","texto_original":"http://sapl.iturama.mg.leg.br/media/sapl/public/materialegislativa/2025/3374/ind_26_2025.pdf","data_ultima_atualizacao":"2025-01-22T14:59:12.871491-03:00","ip":"177.191.136.21","ultima_edicao":"2025-01-22T14:57:11.555811-03:00","tipo":8,"regime_tramitacao":1,"tipo_origem_externa":null,"local_origem_externa":null,"user":28,"anexadas":[],"autores":[107]}