{"id":3403,"__str__":"Indica\u00e7\u00e3o n\u00ba 30 de 2025","link_detail_backend":"/materia/3403","metadata":{},"numero":30,"ano":2025,"numero_protocolo":null,"data_apresentacao":"2025-01-20","tipo_apresentacao":"E","data_publicacao":null,"numero_origem_externa":"","ano_origem_externa":null,"data_origem_externa":null,"apelido":"","dias_prazo":null,"data_fim_prazo":null,"em_tramitacao":false,"polemica":false,"objeto":"","complementar":false,"ementa":"0 vereador que esta subscreve, ouvindo o Plen\u00e1rio, apresenta a Vossa Excel\u00eancia a presente indica\u00e7\u00e3o, solicitando ao Prefeito Municipal, a realiza\u00e7\u00e3o de\r\nobras de cal\u00e7amento no canteiro central da Avenida Dom Pedro II, no trecho que percorre os bairros Dr. Di\u00f3genes de Souza, Alcides Ver\u00edssimo I, II e III e Vera Lucia Elias I e II.","indexacao":"0 vereador que esta subscreve, ouvindo o Plen\u00e1rio, apresenta a Vossa Excel\u00eancia a presente indica\u00e7\u00e3o, solicitando ao Prefeito Municipal, a realiza\u00e7\u00e3o de\r\nobras de cal\u00e7amento no canteiro central da Avenida Dom Pedro II, no trecho que percorre os bairros Dr. Di\u00f3genes de Souza, Alcides Ver\u00edssimo I, II e III e Vera Lucia Elias I e II.","observacao":"","resultado":"","texto_original":"http://sapl.iturama.mg.leg.br/media/sapl/public/materialegislativa/2025/3403/ind_30_2025.pdf","data_ultima_atualizacao":"2025-01-22T16:27:01.826205-03:00","ip":"177.191.136.21","ultima_edicao":"2025-01-22T16:25:42.389802-03:00","tipo":8,"regime_tramitacao":1,"tipo_origem_externa":null,"local_origem_externa":null,"user":28,"anexadas":[],"autores":[4]}