{"id":356,"__str__":"Indica\u00e7\u00e3o n\u00ba 249 de 2018","link_detail_backend":"/materia/356","metadata":{},"numero":249,"ano":2018,"numero_protocolo":null,"data_apresentacao":"2018-09-17","tipo_apresentacao":"","data_publicacao":null,"numero_origem_externa":"","ano_origem_externa":null,"data_origem_externa":null,"apelido":"","dias_prazo":null,"data_fim_prazo":null,"em_tramitacao":false,"polemica":null,"objeto":"","complementar":null,"ementa":"Sentido de solicitar ao Sr. Prefeito Municipal, a efetiva\u00e7\u00e3o de concess\u00e3o dos cuidados com o canil municipal, participando mensalmente com a subven\u00e7\u00e3o a ser considerada, funcion\u00e1rios necess\u00e1rios.","indexacao":"Sentido de solicitar ao Sr. Prefeito Municipal, a efetiva\u00e7\u00e3o de concess\u00e3o dos cuidados com o canil municipal, participando mensalmente com a subven\u00e7\u00e3o a ser considerada, funcion\u00e1rios necess\u00e1rios.","observacao":"A indica\u00e7\u00e3o se faz justa, tendo em vista, as prec\u00e1rias condi\u00e7\u00f5es que se encontra o referido canil.","resultado":"","texto_original":"http://sapl.iturama.mg.leg.br/media/sapl/public/materialegislativa/2018/356/249.pdf","data_ultima_atualizacao":"2018-11-06T16:08:14.662107-02:00","ip":"","ultima_edicao":null,"tipo":8,"regime_tramitacao":1,"tipo_origem_externa":null,"local_origem_externa":null,"user":null,"anexadas":[],"autores":[2]}