{"id":3751,"__str__":"Requerimento n\u00ba 16 de 2025","link_detail_backend":"/materia/3751","metadata":{},"numero":16,"ano":2025,"numero_protocolo":null,"data_apresentacao":"2025-09-01","tipo_apresentacao":"E","data_publicacao":null,"numero_origem_externa":"","ano_origem_externa":null,"data_origem_externa":null,"apelido":"","dias_prazo":null,"data_fim_prazo":null,"em_tramitacao":false,"polemica":false,"objeto":"","complementar":false,"ementa":"O Vereador que esta subscreve, ouvido o plen\u00e1rio, requer a Vossa Excel\u00eancia, que providencie a Bandeira do Legislativo. Alguns eventos seria importante o uso da bandeira, como por exemplo na cavalgada, usar a Bandeira da C\u00e2mara Municipal no desfile.","indexacao":"O Vereador que esta subscreve, ouvido o plen\u00e1rio, requer a Vossa Excel\u00eancia, que providencie a Bandeira do Legislativo. Alguns eventos seria importante o uso da bandeira, como por exemplo na cavalgada, usar a Bandeira da C\u00e2mara Municipal no desfile.","observacao":"","resultado":"","texto_original":"http://sapl.iturama.mg.leg.br/media/sapl/public/materialegislativa/2025/3751/requerimento_16_2025_003202.pdf","data_ultima_atualizacao":"2025-09-03T15:17:42.939364-03:00","ip":"191.55.116.231","ultima_edicao":"2025-09-03T15:15:05.114437-03:00","tipo":3,"regime_tramitacao":1,"tipo_origem_externa":null,"local_origem_externa":null,"user":28,"anexadas":[],"autores":[113]}