{"id":7,"__str__":"Indica\u00e7\u00e3o n\u00ba 6 de 2018","link_detail_backend":"/materia/7","metadata":{},"numero":6,"ano":2018,"numero_protocolo":null,"data_apresentacao":"2018-01-12","tipo_apresentacao":"E","data_publicacao":null,"numero_origem_externa":"","ano_origem_externa":null,"data_origem_externa":null,"apelido":"","dias_prazo":null,"data_fim_prazo":null,"em_tramitacao":false,"polemica":false,"objeto":"","complementar":false,"ementa":"A COBERTURA E REFORMA DA QUADRA DO BAIRRO ANT\u00d4NIO BR\u00c1ULIO.","indexacao":"A COBERTURA E REFORMA DA QUADRA DO BAIRRO ANT\u00d4NIO BR\u00c1ULIO.","observacao":"a cobertura e reforma da quadra do Bairro Ant\u00f4nio Br\u00e1ulio.","resultado":"","texto_original":"http://sapl.iturama.mg.leg.br/media/sapl/public/materialegislativa/2018/7/7_texto_integral.pdf","data_ultima_atualizacao":"2018-09-28T10:13:47.033323-03:00","ip":"","ultima_edicao":null,"tipo":8,"regime_tramitacao":1,"tipo_origem_externa":null,"local_origem_externa":null,"user":null,"anexadas":[],"autores":[6]}